{"id":1020,"date":"2022-06-11T17:10:00","date_gmt":"2022-06-11T15:10:00","guid":{"rendered":"https:\/\/beewild.be\/?p=1020"},"modified":"2024-02-26T17:31:54","modified_gmt":"2024-02-26T16:31:54","slug":"eco-festival-la-fete-des-griottes","status":"publish","type":"post","link":"https:\/\/beewild.be\/index.php\/2022\/06\/11\/eco-festival-la-fete-des-griottes\/","title":{"rendered":"Eco-festival La F\u00eate des Griottes"},"content":{"rendered":"\n<p><strong>Le samedi 11 juin<\/strong>\u00a0aura lieu l\u2019<strong>\u00e9co-festival La F\u00eate des Griottes<\/strong>. <\/p>\n\n\n\n<p>Beewild y sera pr\u00e9sent avec\u00a0<a href=\"https:\/\/www.facebook.com\/homeharvesting\" target=\"_blank\" rel=\"noreferrer noopener\">HomeHarvest\u00a0<\/a>pour vous pr\u00e9senter les h\u00f4tels \u00e0 insectes, nous pourrez venir avec vos plantes et graines pour les \u00e9changer \u00e0 notre stand, et vous trouverez des semences biologiques. <\/p>\n\n\n\n<h2 class=\"wp-block-heading\">Venez! <\/h2>\n\n\n\n<p>Atmosph\u00e8re festive et bienveillante, afin que petits et grands \u00e9changent, apprennent et \u00e9laborent main dans la main des solutions durables \u00e0 appliquer au quotidien. <\/p>\n\n\n\n<h2 class=\"wp-block-heading\">Kom! <\/h2>\n\n\n\n<p>Een feestelijke en gezellige sfeer, zodat jong en oud kunnen uitwisselen, leren en werken aan duurzame oplossingen voor het dagelijks leven.<\/p>\n\n\n\n<h2 class=\"wp-block-heading\">RSPV &amp; program<\/h2>\n\n\n\n<p>\u00a0<a href=\"https:\/\/fb.me\/e\/1oItzGUUX\" target=\"_blank\" rel=\"noreferrer noopener\">https:\/\/fb.me\/e\/1oItzGUUX<\/a>\u00a0<\/p>\n\n\n\n<h2 class=\"wp-block-heading\">Une initiative soutenue par\/Een initiatief gesteund door<\/h2>\n\n\n\n<p><a href=\"https:\/\/www.facebook.com\/BruxellesEnvironnementLeefmilieuBrussel?__cft__[0]=AZWXf9DWyws51uwB-t1Fea7ziXbsjyg64hd4zIzXaLbY3YGh_7BiqZn-NAaCtVtO0rwWGPOZwaA12ysTADzS014IxWkC8xH-wWm3OV5zSyCGAuIHPJ1azwcDBBjsGEwsgZXwSZGtaTz_17LOf4YaC2cJh20OpVB1AfK7xWAVQybN-A&amp;__tn__=-]K-R\" target=\"_blank\" rel=\"noreferrer noopener\">Bruxelles Environnement Leefmilieu Brussel<\/a>\u00a0et\u00a0<a href=\"https:\/\/www.facebook.com\/uccle1180ukkel\/?__cft__[0]=AZWXf9DWyws51uwB-t1Fea7ziXbsjyg64hd4zIzXaLbY3YGh_7BiqZn-NAaCtVtO0rwWGPOZwaA12ysTADzS014IxWkC8xH-wWm3OV5zSyCGAuIHPJ1azwcDBBjsGEwsgZXwSZGtaTz_17LOf4YaC2cJh20OpVB1AfK7xWAVQybN-A&amp;__tn__=kK-R\" target=\"_blank\" rel=\"noreferrer noopener\">Commune d\u2019Uccle \/ Gemeente Ukkel<\/a><\/p>\n\n\n\n<figure class=\"wp-block-gallery has-nested-images columns-default is-cropped wp-block-gallery-1 is-layout-flex wp-block-gallery-is-layout-flex\">\n<figure class=\"wp-block-image size-large\"><img loading=\"lazy\" decoding=\"async\" width=\"724\" height=\"1024\" data-id=\"517\" src=\"https:\/\/beewild.be\/wp-content\/uploads\/2022\/06\/La-Fete-des-Griottes-2-724x1024.jpg\" alt=\"Flyer Programme F\u00eate des Griottes\" class=\"wp-image-517\" srcset=\"https:\/\/beewild.be\/wp-content\/uploads\/2022\/06\/La-Fete-des-Griottes-2-724x1024.jpg 724w, https:\/\/beewild.be\/wp-content\/uploads\/2022\/06\/La-Fete-des-Griottes-2-212x300.jpg 212w, https:\/\/beewild.be\/wp-content\/uploads\/2022\/06\/La-Fete-des-Griottes-2-768x1086.jpg 768w, https:\/\/beewild.be\/wp-content\/uploads\/2022\/06\/La-Fete-des-Griottes-2-1086x1536.jpg 1086w, https:\/\/beewild.be\/wp-content\/uploads\/2022\/06\/La-Fete-des-Griottes-2.jpg 1414w\" sizes=\"auto, (max-width: 724px) 100vw, 724px\" \/><\/figure>\n\n\n\n<figure class=\"wp-block-image size-large\"><img loading=\"lazy\" decoding=\"async\" width=\"724\" height=\"1024\" data-id=\"518\" src=\"https:\/\/beewild.be\/wp-content\/uploads\/2022\/06\/Programme-Fete-des-Griottes-724x1024.jpg\" alt=\"Flyer Programme F\u00eate des Griottes\" class=\"wp-image-518\" srcset=\"https:\/\/beewild.be\/wp-content\/uploads\/2022\/06\/Programme-Fete-des-Griottes-724x1024.jpg 724w, https:\/\/beewild.be\/wp-content\/uploads\/2022\/06\/Programme-Fete-des-Griottes-212x300.jpg 212w, https:\/\/beewild.be\/wp-content\/uploads\/2022\/06\/Programme-Fete-des-Griottes-768x1086.jpg 768w, https:\/\/beewild.be\/wp-content\/uploads\/2022\/06\/Programme-Fete-des-Griottes-1086x1536.jpg 1086w, https:\/\/beewild.be\/wp-content\/uploads\/2022\/06\/Programme-Fete-des-Griottes.jpg 1414w\" sizes=\"auto, (max-width: 724px) 100vw, 724px\" \/><\/figure>\n\n\n\n<figure class=\"wp-block-image size-large\"><img loading=\"lazy\" decoding=\"async\" width=\"724\" height=\"1024\" data-id=\"516\" src=\"https:\/\/beewild.be\/wp-content\/uploads\/2022\/06\/Het-programma-Noordkriekenfeest-724x1024.jpg\" alt=\"flyer programma - Noordkriekenfeest\" class=\"wp-image-516\" srcset=\"https:\/\/beewild.be\/wp-content\/uploads\/2022\/06\/Het-programma-Noordkriekenfeest-724x1024.jpg 724w, https:\/\/beewild.be\/wp-content\/uploads\/2022\/06\/Het-programma-Noordkriekenfeest-212x300.jpg 212w, https:\/\/beewild.be\/wp-content\/uploads\/2022\/06\/Het-programma-Noordkriekenfeest-768x1086.jpg 768w, https:\/\/beewild.be\/wp-content\/uploads\/2022\/06\/Het-programma-Noordkriekenfeest-1086x1536.jpg 1086w, https:\/\/beewild.be\/wp-content\/uploads\/2022\/06\/Het-programma-Noordkriekenfeest.jpg 1414w\" sizes=\"auto, (max-width: 724px) 100vw, 724px\" \/><\/figure>\n<\/figure>\n\n\n\n<p><a href=\"https:\/\/www.facebook.com\/events\/714446610009446?acontext=%7B%22event_action_history%22%3A[%7B%22surface%22%3A%22page%22%7D]%7D\" target=\"_blank\" rel=\"noreferrer noopener\">https:\/\/www.facebook.com\/events\/714446610009446?acontext=%7B%22event_action_history%22%3A[%7B%22surface%22%3A%22page%22%7D]%7D<\/a><\/p>\n","protected":false},"excerpt":{"rendered":"<p>Le samedi 11 juin\u00a0aura lieu l\u2019\u00e9co-festival La F\u00eate des Griottes. Beewild y sera pr\u00e9sent avec\u00a0HomeHarvest\u00a0pour vous pr\u00e9senter les h\u00f4tels \u00e0 insectes, nous pourrez venir avec vos plantes et graines pour les \u00e9changer \u00e0 notre stand, et vous trouverez des semences biologiques. Venez! Atmosph\u00e8re festive et bienveillante, afin que petits et grands \u00e9changent, apprennent et \u00e9laborent&#8230; <\/p>\n<div class=\"clear\"><\/div>\n<p><a href=\"https:\/\/beewild.be\/index.php\/2022\/06\/11\/eco-festival-la-fete-des-griottes\/\" class=\"excerpt-read-more\">Read More<\/a><\/p>\n","protected":false},"author":1,"featured_media":517,"comment_status":"closed","ping_status":"open","sticky":false,"template":"","format":"standard","meta":{"footnotes":""},"categories":[1],"tags":[],"class_list":["post-1020","post","type-post","status-publish","format-standard","has-post-thumbnail","hentry","category-agenda"],"_links":{"self":[{"href":"https:\/\/beewild.be\/index.php\/wp-json\/wp\/v2\/posts\/1020","targetHints":{"allow":["GET"]}}],"collection":[{"href":"https:\/\/beewild.be\/index.php\/wp-json\/wp\/v2\/posts"}],"about":[{"href":"https:\/\/beewild.be\/index.php\/wp-json\/wp\/v2\/types\/post"}],"author":[{"embeddable":true,"href":"https:\/\/beewild.be\/index.php\/wp-json\/wp\/v2\/users\/1"}],"replies":[{"embeddable":true,"href":"https:\/\/beewild.be\/index.php\/wp-json\/wp\/v2\/comments?post=1020"}],"version-history":[{"count":2,"href":"https:\/\/beewild.be\/index.php\/wp-json\/wp\/v2\/posts\/1020\/revisions"}],"predecessor-version":[{"id":1022,"href":"https:\/\/beewild.be\/index.php\/wp-json\/wp\/v2\/posts\/1020\/revisions\/1022"}],"wp:featuredmedia":[{"embeddable":true,"href":"https:\/\/beewild.be\/index.php\/wp-json\/wp\/v2\/media\/517"}],"wp:attachment":[{"href":"https:\/\/beewild.be\/index.php\/wp-json\/wp\/v2\/media?parent=1020"}],"wp:term":[{"taxonomy":"category","embeddable":true,"href":"https:\/\/beewild.be\/index.php\/wp-json\/wp\/v2\/categories?post=1020"},{"taxonomy":"post_tag","embeddable":true,"href":"https:\/\/beewild.be\/index.php\/wp-json\/wp\/v2\/tags?post=1020"}],"curies":[{"name":"wp","href":"https:\/\/api.w.org\/{rel}","templated":true}]}}