{"id":1122,"date":"2023-03-06T17:54:00","date_gmt":"2023-03-06T16:54:00","guid":{"rendered":"https:\/\/beewild.be\/?p=1122"},"modified":"2024-03-06T17:57:16","modified_gmt":"2024-03-06T16:57:16","slug":"projet-realise-pour-lecole-fondamentale-de-verrewinkel-a-uccle","status":"publish","type":"post","link":"https:\/\/beewild.be\/index.php\/2023\/03\/06\/projet-realise-pour-lecole-fondamentale-de-verrewinkel-a-uccle\/","title":{"rendered":"Projet r\u00e9alis\u00e9 pour l\u2019\u00e9cole fondamentale de Verrewinkel \u00e0 Uccle"},"content":{"rendered":"\n<p>Projet r\u00e9alis\u00e9 pour l\u2019\u00e9cole fondamentale de Verrewinkel \u00e0 Uccle: installation d\u2019un h\u00f4tel \u00e0 insectes, de nichoirs, mangeoires et d\u2019une drink station pour les oiseaux. <br>Ateliers scientifiques et p\u00e9dagogiques avec les \u00e9l\u00e8ves de premi\u00e8re et quatri\u00e8me primaire qui ont aussi particip\u00e9 \u00e0 l\u2019installation et la finalisation de leur h\u00f4tel \u00e0 insectes.<\/p>\n\n\n\n<figure class=\"wp-block-image\"><img loading=\"lazy\" decoding=\"async\" width=\"1024\" height=\"768\" src=\"https:\/\/beewild.be\/wp-content\/uploads\/2024\/02\/Hotel-a-insectes-Ecole-du-Verrewinkel-2-1024x768.jpg\" alt=\"\" class=\"wp-image-873\" srcset=\"https:\/\/beewild.be\/wp-content\/uploads\/2024\/02\/Hotel-a-insectes-Ecole-du-Verrewinkel-2-1024x768.jpg 1024w, https:\/\/beewild.be\/wp-content\/uploads\/2024\/02\/Hotel-a-insectes-Ecole-du-Verrewinkel-2-300x225.jpg 300w, https:\/\/beewild.be\/wp-content\/uploads\/2024\/02\/Hotel-a-insectes-Ecole-du-Verrewinkel-2-768x576.jpg 768w, https:\/\/beewild.be\/wp-content\/uploads\/2024\/02\/Hotel-a-insectes-Ecole-du-Verrewinkel-2-1536x1152.jpg 1536w, https:\/\/beewild.be\/wp-content\/uploads\/2024\/02\/Hotel-a-insectes-Ecole-du-Verrewinkel-2-400x300.jpg 400w, https:\/\/beewild.be\/wp-content\/uploads\/2024\/02\/Hotel-a-insectes-Ecole-du-Verrewinkel-2.jpg 2000w\" sizes=\"auto, (max-width: 1024px) 100vw, 1024px\" \/><\/figure>\n","protected":false},"excerpt":{"rendered":"<p>Projet r\u00e9alis\u00e9 pour l\u2019\u00e9cole fondamentale de Verrewinkel \u00e0 Uccle: installation d\u2019un h\u00f4tel \u00e0 insectes, de nichoirs, mangeoires et d\u2019une drink station pour les oiseaux. Ateliers scientifiques et p\u00e9dagogiques avec les \u00e9l\u00e8ves de premi\u00e8re et quatri\u00e8me primaire qui ont aussi particip\u00e9 \u00e0 l\u2019installation et la finalisation de leur h\u00f4tel \u00e0 insectes.<\/p>\n","protected":false},"author":1,"featured_media":873,"comment_status":"closed","ping_status":"open","sticky":false,"template":"","format":"standard","meta":{"footnotes":""},"categories":[1],"tags":[],"class_list":["post-1122","post","type-post","status-publish","format-standard","has-post-thumbnail","hentry","category-agenda"],"_links":{"self":[{"href":"https:\/\/beewild.be\/index.php\/wp-json\/wp\/v2\/posts\/1122","targetHints":{"allow":["GET"]}}],"collection":[{"href":"https:\/\/beewild.be\/index.php\/wp-json\/wp\/v2\/posts"}],"about":[{"href":"https:\/\/beewild.be\/index.php\/wp-json\/wp\/v2\/types\/post"}],"author":[{"embeddable":true,"href":"https:\/\/beewild.be\/index.php\/wp-json\/wp\/v2\/users\/1"}],"replies":[{"embeddable":true,"href":"https:\/\/beewild.be\/index.php\/wp-json\/wp\/v2\/comments?post=1122"}],"version-history":[{"count":2,"href":"https:\/\/beewild.be\/index.php\/wp-json\/wp\/v2\/posts\/1122\/revisions"}],"predecessor-version":[{"id":1124,"href":"https:\/\/beewild.be\/index.php\/wp-json\/wp\/v2\/posts\/1122\/revisions\/1124"}],"wp:featuredmedia":[{"embeddable":true,"href":"https:\/\/beewild.be\/index.php\/wp-json\/wp\/v2\/media\/873"}],"wp:attachment":[{"href":"https:\/\/beewild.be\/index.php\/wp-json\/wp\/v2\/media?parent=1122"}],"wp:term":[{"taxonomy":"category","embeddable":true,"href":"https:\/\/beewild.be\/index.php\/wp-json\/wp\/v2\/categories?post=1122"},{"taxonomy":"post_tag","embeddable":true,"href":"https:\/\/beewild.be\/index.php\/wp-json\/wp\/v2\/tags?post=1122"}],"curies":[{"name":"wp","href":"https:\/\/api.w.org\/{rel}","templated":true}]}}